{"id":9176,"date":"2026-03-09T11:38:26","date_gmt":"2026-03-09T11:38:26","guid":{"rendered":"https:\/\/ucgegroup.com\/?p=9176"},"modified":"2026-04-08T14:59:14","modified_gmt":"2026-04-08T14:59:14","slug":"ucge-50-yillik-deneyimini-euroshop-2026da-global-gelecege-tasidi","status":"publish","type":"post","link":"https:\/\/ucgegroup.com\/tr\/ucge-carried-50-years-of-experience-at-euroshop-2026\/","title":{"rendered":"\u00dc\u00c7GE, 50 Y\u0131ll\u0131k Birikimini EuroShop 2026\u2019da Global Gelece\u011fe Ta\u015f\u0131d\u0131"},"content":{"rendered":"<div data-elementor-type=\"wp-post\" data-elementor-id=\"9176\" class=\"elementor elementor-9176\" data-elementor-post-type=\"post\">\n\t\t\t\t<div class=\"elementor-element elementor-element-5c2e5c5 e-con-full e-flex e-con e-parent\" data-id=\"5c2e5c5\" data-element_type=\"container\" data-e-type=\"container\" data-settings=\"{&quot;background_background&quot;:&quot;classic&quot;}\">\n\t\t\t\t<\/div>\n\t\t<div class=\"elementor-element elementor-element-0aa85a9 e-flex e-con-boxed e-con e-parent\" data-id=\"0aa85a9\" data-element_type=\"container\" data-e-type=\"container\">\n\t\t\t\t\t<div class=\"e-con-inner\">\n\t\t\t\t<div class=\"elementor-element elementor-element-512eb7a elementor-widget elementor-widget-image\" data-id=\"512eb7a\" data-element_type=\"widget\" data-e-type=\"widget\" data-widget_type=\"image.default\">\n\t\t\t\t\t\t\t\t\t\t\t\t\t\t\t<img fetchpriority=\"high\" decoding=\"async\" width=\"2560\" height=\"1417\" src=\"https:\/\/ucgegroup.com\/wp-content\/uploads\/2026\/03\/1-19-scaled-e1773056842222.jpg\" class=\"attachment-full size-full wp-image-9177\" alt=\"\" srcset=\"https:\/\/ucgegroup.com\/wp-content\/uploads\/2026\/03\/1-19-scaled-e1773056842222.jpg 2560w, https:\/\/ucgegroup.com\/wp-content\/uploads\/2026\/03\/1-19-scaled-e1773056842222-300x166.jpg 300w, https:\/\/ucgegroup.com\/wp-content\/uploads\/2026\/03\/1-19-scaled-e1773056842222-1024x567.jpg 1024w, https:\/\/ucgegroup.com\/wp-content\/uploads\/2026\/03\/1-19-scaled-e1773056842222-768x425.jpg 768w, https:\/\/ucgegroup.com\/wp-content\/uploads\/2026\/03\/1-19-scaled-e1773056842222-1536x850.jpg 1536w, https:\/\/ucgegroup.com\/wp-content\/uploads\/2026\/03\/1-19-scaled-e1773056842222-2048x1134.jpg 2048w, https:\/\/ucgegroup.com\/wp-content\/uploads\/2026\/03\/1-19-scaled-e1773056842222-18x10.jpg 18w\" sizes=\"(max-width: 2560px) 100vw, 2560px\" \/>\t\t\t\t\t\t\t\t\t\t\t\t\t\t\t<\/div>\n\t\t\t\t\t<\/div>\n\t\t\t\t<\/div>\n\t\t<div class=\"elementor-element elementor-element-45bcb5f e-flex e-con-boxed e-con e-parent\" data-id=\"45bcb5f\" data-element_type=\"container\" data-e-type=\"container\" data-settings=\"{&quot;background_background&quot;:&quot;classic&quot;}\">\n\t\t\t\t\t<div class=\"e-con-inner\">\n\t\t\t\t<div class=\"elementor-element elementor-element-6f1b688 elementor-widget elementor-widget-heading\" data-id=\"6f1b688\" data-element_type=\"widget\" data-e-type=\"widget\" data-widget_type=\"heading.default\">\n\t\t\t\t\t<h1 class=\"elementor-heading-title elementor-size-default\">\u00dc\u00c7GE, 50 Y\u0131ll\u0131k Birikimini EuroShop 2026\u2019da Global Gelece\u011fe Ta\u015f\u0131d\u0131<\/h1>\t\t\t\t<\/div>\n\t\t\t\t<div class=\"elementor-element elementor-element-1700f88 elementor-widget elementor-widget-text-editor\" data-id=\"1700f88\" data-element_type=\"widget\" data-e-type=\"widget\" data-widget_type=\"text-editor.default\">\n\t\t\t\t\t\t\t\t\t<p>Perakende d\u00fcnyas\u0131n\u0131n en b\u00fcy\u00fck ve en prestijli bulu\u015fmalar\u0131ndan biri olan EuroShop, 2026 y\u0131l\u0131nda da sekt\u00f6r\u00fcn gelece\u011fine y\u00f6n veren markalar\u0131 bir araya getirdi. \u00dc\u00c7GE, 1993 y\u0131l\u0131ndan bu yana aral\u0131ks\u0131z s\u00fcrd\u00fcrd\u00fc\u011f\u00fc kat\u0131l\u0131mc\u0131 kimli\u011fiyle bu y\u0131l fuardaki 11. kat\u0131l\u0131m\u0131n\u0131 ger\u00e7ekle\u015ftirerek uluslararas\u0131 istikrar\u0131n\u0131 bir kez daha ortaya koydu.<\/p><p>\u00dc\u00e7 y\u0131lda bir d\u00fczenlenen EuroShop, yeni \u00fcr\u00fcn ve \u00e7\u00f6z\u00fcmlerin sergilendi\u011fi bir fuar olmaktan \u00e7ok perakende ekosisteminin d\u00f6n\u00fc\u015f\u00fcm\u00fcn\u00fc \u015fekillendiren stratejik bir platform niteli\u011fi ta\u015f\u0131yor. \u00dc\u00c7GE de bu vizyon do\u011frultusunda; tasar\u0131m, \u00fcretim, teknoloji ve s\u00fcrd\u00fcr\u00fclebilirli\u011fi oda\u011f\u0131na alan b\u00fct\u00fcnc\u00fcl yakla\u015f\u0131m\u0131n\u0131 uluslararas\u0131 ziyaret\u00e7ilerle bulu\u015fturdu.<\/p><p>\u00dc\u00c7GE Grup \u015eirketleri bu y\u0131l; \u00dc\u00c7GE Ma\u011faza Ekipmanlar\u0131, ONTO ve REVEGO olmak \u00fczere \u00fc\u00e7 markas\u0131yla fuarda yer ald\u0131. Her biri kendi uzmanl\u0131k alan\u0131nda konumlanan markalar yenilik\u00e7i ma\u011faza konseptlerinden dijital d\u00f6n\u00fc\u015f\u00fcm \u00e7\u00f6z\u00fcmlerine, \u00e7evreci \u00fcretim anlay\u0131\u015f\u0131ndan entegre perakende teknolojilerine kadar geni\u015f bir \u00e7\u00f6z\u00fcm ekosistemi sundu.<\/p><p>Modern \u00e7izgilerle kurgulanan, a\u00e7\u0131k ve etkile\u015fimli alanlar \u00fczerine tasarlanan stant mimarisi ise \u00dc\u00c7GE\u2019nin yal\u0131n ama g\u00fc\u00e7l\u00fc tasar\u0131m dilini yans\u0131tt\u0131. Ziyaret\u00e7i deneyimini merkeze alan bu yakla\u015f\u0131m, fuar boyunca yo\u011fun ilgi g\u00f6rd\u00fc ve bir\u00e7ok yeni i\u015f birli\u011fi i\u00e7in g\u00fc\u00e7l\u00fc bir zemin olu\u015fturdu.<\/p>\t\t\t\t\t\t\t\t<\/div>\n\t\t\t\t\t<\/div>\n\t\t\t\t<\/div>\n\t\t<div class=\"elementor-element elementor-element-df6db82 e-flex e-con-boxed e-con e-parent\" data-id=\"df6db82\" data-element_type=\"container\" data-e-type=\"container\">\n\t\t\t\t\t<div class=\"e-con-inner\">\n\t\t<div class=\"elementor-element elementor-element-0dfe88a e-con-full e-flex e-con e-child\" data-id=\"0dfe88a\" data-element_type=\"container\" data-e-type=\"container\">\n\t\t\t\t<div class=\"elementor-element elementor-element-8cf70b6 elementor-widget elementor-widget-image\" data-id=\"8cf70b6\" data-element_type=\"widget\" data-e-type=\"widget\" data-widget_type=\"image.default\">\n\t\t\t\t\t\t\t\t\t\t\t\t\t\t\t<img decoding=\"async\" width=\"1200\" height=\"800\" src=\"https:\/\/ucgegroup.com\/wp-content\/uploads\/2026\/03\/ucge-revego.webp\" class=\"attachment-full size-full wp-image-9190\" alt=\"\" srcset=\"https:\/\/ucgegroup.com\/wp-content\/uploads\/2026\/03\/ucge-revego.webp 1200w, https:\/\/ucgegroup.com\/wp-content\/uploads\/2026\/03\/ucge-revego-300x200.webp 300w, https:\/\/ucgegroup.com\/wp-content\/uploads\/2026\/03\/ucge-revego-1024x683.webp 1024w, https:\/\/ucgegroup.com\/wp-content\/uploads\/2026\/03\/ucge-revego-768x512.webp 768w, https:\/\/ucgegroup.com\/wp-content\/uploads\/2026\/03\/ucge-revego-18x12.webp 18w\" sizes=\"(max-width: 1200px) 100vw, 1200px\" \/>\t\t\t\t\t\t\t\t\t\t\t\t\t\t\t<\/div>\n\t\t\t\t<\/div>\n\t\t<div class=\"elementor-element elementor-element-6b03158 e-con-full e-flex e-con e-child\" data-id=\"6b03158\" data-element_type=\"container\" data-e-type=\"container\">\n\t\t\t\t<div class=\"elementor-element elementor-element-8b0544c elementor-widget elementor-widget-image\" data-id=\"8b0544c\" data-element_type=\"widget\" data-e-type=\"widget\" data-widget_type=\"image.default\">\n\t\t\t\t\t\t\t\t\t\t\t\t\t\t\t<img decoding=\"async\" width=\"1200\" height=\"800\" src=\"https:\/\/ucgegroup.com\/wp-content\/uploads\/2026\/03\/ucge-onto.webp\" class=\"attachment-full size-full wp-image-9189\" alt=\"\" srcset=\"https:\/\/ucgegroup.com\/wp-content\/uploads\/2026\/03\/ucge-onto.webp 1200w, https:\/\/ucgegroup.com\/wp-content\/uploads\/2026\/03\/ucge-onto-300x200.webp 300w, https:\/\/ucgegroup.com\/wp-content\/uploads\/2026\/03\/ucge-onto-1024x683.webp 1024w, https:\/\/ucgegroup.com\/wp-content\/uploads\/2026\/03\/ucge-onto-768x512.webp 768w, https:\/\/ucgegroup.com\/wp-content\/uploads\/2026\/03\/ucge-onto-18x12.webp 18w\" sizes=\"(max-width: 1200px) 100vw, 1200px\" \/>\t\t\t\t\t\t\t\t\t\t\t\t\t\t\t<\/div>\n\t\t\t\t<\/div>\n\t\t\t\t\t<\/div>\n\t\t\t\t<\/div>\n\t\t<div class=\"elementor-element elementor-element-ebc17e2 e-flex e-con-boxed e-con e-parent\" data-id=\"ebc17e2\" data-element_type=\"container\" data-e-type=\"container\">\n\t\t\t\t\t<div class=\"e-con-inner\">\n\t\t\t\t<div class=\"elementor-element elementor-element-f65d910 elementor-widget elementor-widget-text-editor\" data-id=\"f65d910\" data-element_type=\"widget\" data-e-type=\"widget\" data-widget_type=\"text-editor.default\">\n\t\t\t\t\t\t\t\t\t<p>\u00dc\u00c7GE Grup \u015eirketleri Ba\u015fkan\u0131 Esra G\u00fcven, fuar de\u011ferlendirmesinde \u015funlar\u0131 ifade etti:<br \/>\u201cEuroShop, global stratejimizi sahada ortaya koydu\u011fumuz en g\u00fc\u00e7l\u00fc platformlardan biri. 33 y\u0131ld\u0131r aral\u0131ks\u0131z kat\u0131l\u0131m g\u00f6stermemiz; istikrara, kaliteye ve uluslararas\u0131 i\u015f birliklerine verdi\u011fimiz \u00f6nemin a\u00e7\u0131k bir g\u00f6stergesi. Bu organizasyonda \u00fcr\u00fcnlerimizin \u00f6tesinde, m\u00fchendislik g\u00fcc\u00fcm\u00fcz\u00fc, tasar\u0131m yakla\u015f\u0131m\u0131m\u0131z\u0131 ve s\u00fcrd\u00fcr\u00fclebilir b\u00fcy\u00fcme vizyonumuzu payla\u015f\u0131yoruz. Perakendenin d\u00f6n\u00fc\u015f\u00fcm s\u00fcrecinde aktif rol alan, \u00e7\u00f6z\u00fcm geli\u015ftiren ve y\u00f6n belirleyen bir yap\u0131ya sahibiz.\u201d<\/p><p>Y\u00f6netim Kurulu Ba\u015fkan\u0131 Can Aras ise fuar\u0131n stratejik \u00e7\u0131kt\u0131lar\u0131n\u0131n alt\u0131n\u0131 \u00e7izdi:<br \/>\u201cBu y\u0131l fuarda kurdu\u011fumuz uluslararas\u0131 ba\u011flant\u0131lar, yeni pazarlara y\u00f6nelik temaslar\u0131m\u0131z ve teknoloji odakl\u0131 \u00e7\u00f6z\u00fcmlerimize g\u00f6sterilen ilgi, do\u011fru bir d\u00f6n\u00fc\u015f\u00fcm yolunda oldu\u011fumuzu g\u00f6steriyor. Entegre \u00e7\u00f6z\u00fcm kabiliyetimiz ve m\u00fchendislik altyap\u0131m\u0131z sayesinde i\u015f ortaklar\u0131m\u0131z\u0131n b\u00fcy\u00fcme hedeflerine somut katk\u0131 sunuyoruz. \u00dc\u00c7GE, \u00fcretim g\u00fcc\u00fcn\u00fc stratejik bak\u0131\u015f a\u00e7\u0131s\u0131yla birle\u015ftiren entegre bir \u00e7\u00f6z\u00fcm markas\u0131 olarak global b\u00fcy\u00fcme yolculu\u011funu kararl\u0131l\u0131kla s\u00fcrd\u00fcr\u00fcyor.\u201d<\/p><p>50. Y\u0131l Bulu\u015fmas\u0131: Ge\u00e7mi\u015ften Gelece\u011fe G\u00fc\u00e7l\u00fc Bir K\u00f6pr\u00fc<\/p><p>EuroShop 2026, \u00dc\u00c7GE i\u00e7in ayr\u0131 bir anlam daha ta\u015f\u0131d\u0131. 50. y\u0131l\u0131n\u0131 kutlayan marka, fuar kapsam\u0131nda ger\u00e7ekle\u015ftirdi\u011fi \u00f6zel bulu\u015fma ile i\u015f ortaklar\u0131 ve payda\u015flar\u0131yla bu \u00f6nemli kilometre ta\u015f\u0131n\u0131 payla\u015ft\u0131. Yar\u0131m as\u0131rl\u0131k yolculu\u011fun deneyimi ile gelece\u011fin perakende d\u00fcnyas\u0131na y\u00f6nelik vizyonun bir araya geldi\u011fi bu bulu\u015fma, \u00dc\u00c7GE\u2019nin s\u00fcrd\u00fcr\u00fclebilir b\u00fcy\u00fcme hedeflerini ve global kararl\u0131l\u0131\u011f\u0131n\u0131 bir kez daha ortaya koydu.<\/p><p class=\"translation-block\">Y\u00f6netim Kurulu Ba\u015fkan\u0131 Damla Aras, bulu\u015fman\u0131n anlam\u0131n\u0131 de\u011ferlendirirken, \u201c50 Y\u0131ll\u0131k Miras, Global Bir Yolculuk vizyonuyla ilerleyen yar\u0131m as\u0131rl\u0131k hik\u00e2yemiz, bize de\u011fi\u015fimi do\u011fru okumay\u0131 ve cesur ad\u0131mlar atmay\u0131 \u00f6\u011fretti. EuroShop\u2019ta 50. y\u0131l\u0131m\u0131z\u0131 kutlamak, ge\u00e7mi\u015fimizden ald\u0131\u011f\u0131m\u0131z g\u00fc\u00e7le gelece\u011fe nas\u0131l bakt\u0131\u011f\u0131m\u0131z\u0131 g\u00f6steren g\u00fc\u00e7l\u00fc bir e\u015fik oldu. Tasar\u0131m, teknoloji ve s\u00fcrd\u00fcr\u00fclebilirlik oda\u011f\u0131nda ger\u00e7ekle\u015ftirdi\u011fimiz yat\u0131r\u0131mlar, \u00dc\u00c7GE\u2019nin global \u00f6l\u00e7ekte kal\u0131c\u0131 de\u011fer \u00fcretme kararl\u0131l\u0131\u011f\u0131n\u0131 ve uzun vadeli b\u00fcy\u00fcme vizyonunu somut bi\u00e7imde ortaya koyuyor.\u201d ifadelerini kulland\u0131.<\/p><p>33 y\u0131ll\u0131k EuroShop istikrar\u0131 ve 50 y\u0131ll\u0131k \u00fcretim g\u00fcc\u00fcyle \u00dc\u00c7GE, perakende sekt\u00f6r\u00fcnde bug\u00fcn\u00fc \u015fekillendiren ve gelece\u011fe y\u00f6n veren g\u00fc\u00e7l\u00fc oyuncular aras\u0131ndaki konumunu her ge\u00e7en y\u0131l daha da sa\u011flamla\u015ft\u0131r\u0131yor.<\/p>\t\t\t\t\t\t\t\t<\/div>\n\t\t\t\t\t<\/div>\n\t\t\t\t<\/div>\n\t\t\t\t<\/div>","protected":false},"excerpt":{"rendered":"<p>\u00dc\u00c7GE Carried Its 50 Years of Experience into the Global Future at EuroShop 2026 EuroShop, one of the largest and most prestigious gatherings of the retail world, brought together once again in 2026 the brands that shape the future of the sector. \u00dc\u00c7GE, with its participant identity that it has maintained uninterrupted since 1993, realised [&hellip;]<\/p>\n","protected":false},"author":1,"featured_media":9177,"comment_status":"closed","ping_status":"closed","sticky":false,"template":"elementor_header_footer","format":"standard","meta":{"footnotes":""},"categories":[72],"tags":[],"class_list":["post-9176","post","type-post","status-publish","format-standard","has-post-thumbnail","hentry","category-news"],"_links":{"self":[{"href":"https:\/\/ucgegroup.com\/tr\/wp-json\/wp\/v2\/posts\/9176","targetHints":{"allow":["GET"]}}],"collection":[{"href":"https:\/\/ucgegroup.com\/tr\/wp-json\/wp\/v2\/posts"}],"about":[{"href":"https:\/\/ucgegroup.com\/tr\/wp-json\/wp\/v2\/types\/post"}],"author":[{"embeddable":true,"href":"https:\/\/ucgegroup.com\/tr\/wp-json\/wp\/v2\/users\/1"}],"replies":[{"embeddable":true,"href":"https:\/\/ucgegroup.com\/tr\/wp-json\/wp\/v2\/comments?post=9176"}],"version-history":[{"count":0,"href":"https:\/\/ucgegroup.com\/tr\/wp-json\/wp\/v2\/posts\/9176\/revisions"}],"wp:featuredmedia":[{"embeddable":true,"href":"https:\/\/ucgegroup.com\/tr\/wp-json\/wp\/v2\/media\/9177"}],"wp:attachment":[{"href":"https:\/\/ucgegroup.com\/tr\/wp-json\/wp\/v2\/media?parent=9176"}],"wp:term":[{"taxonomy":"category","embeddable":true,"href":"https:\/\/ucgegroup.com\/tr\/wp-json\/wp\/v2\/categories?post=9176"},{"taxonomy":"post_tag","embeddable":true,"href":"https:\/\/ucgegroup.com\/tr\/wp-json\/wp\/v2\/tags?post=9176"}],"curies":[{"name":"wp","href":"https:\/\/api.w.org\/{rel}","templated":true}]}}